{"id":46707,"date":"2022-08-12T20:23:50","date_gmt":"2022-08-13T01:23:50","guid":{"rendered":"https:\/\/yci2025.wpenginepowered.com\/feed\/innovate-lisas-internship-experience-zanzibar-2-2-2-4-2-2-2-2-3\/"},"modified":"2025-06-04T16:07:29","modified_gmt":"2025-06-04T21:07:29","slug":"le-pouvoir-de-laction-climatique-menee-par-les-jeunes","status":"publish","type":[158],"link":"https:\/\/yci.org\/fr\/feed\/the-power-of-youth-led-climate-action\/","title":{"rendered":"Le pouvoir de l'action climatique men\u00e9e par les jeunes"},"content":{"rendered":"<p><strong>Par Gabriela McGuinty Ca\u00f1ete, Youth Challenge International HerStart Climate Action Fellow en Tanzanie<\/strong><\/p>\n<p><span style=\"font-weight: 400;\"><a href=\"https:\/\/www.yci.org\/wp-content\/uploads\/2022\/08\/Gabby-McGuinty-scaled.jpg\"><img decoding=\"async\" class=\"size-medium wp-image-8893 alignleft\" src=\"https:\/\/yci.org\/wp-content\/uploads\/Gabby-McGuinty-300x240-1.jpg\" alt=\"\" width=\"300\" height=\"240\" \/><\/a>Les jeunes sont aujourd'hui plus impliqu\u00e9s que jamais dans l'action climatique. Les jeunes s'engagent activement aux niveaux local, national et mondial pour sensibiliser l'opinion publique, <\/span><a href=\"https:\/\/www.climatecardinals.org\/\"><span style=\"font-weight: 400;\">\u00e9duquant<\/span><\/a><span style=\"font-weight: 400;\"> le public, en conservant <\/span><a href=\"https:\/\/www.youth4nature.org\/\"><span style=\"font-weight: 400;\">nature<\/span><\/a><span style=\"font-weight: 400;\">, en d\u00e9veloppant <\/span><a href=\"https:\/\/www.seynetwork.org\/\"><span style=\"font-weight: 400;\">les \u00e9nergies renouvelables<\/span><\/a><span style=\"font-weight: 400;\"> et encourager les projets respectueux de l'environnement <\/span><a href=\"https:\/\/www.anatomyofaction.org\/\"><span style=\"font-weight: 400;\">pratiques<\/span><\/a><span style=\"font-weight: 400;\"> et <\/span><a href=\"https:\/\/www.unep.org\/explore-topics\/education-environment\/what-we-do\/tide-turners-plastic-challenge-badge\"><span style=\"font-weight: 400;\">initiatives<\/span><\/a><span style=\"font-weight: 400;\">. Les jeunes repr\u00e9sentant actuellement la majorit\u00e9 de la population dans la plupart des pays en d\u00e9veloppement et vuln\u00e9rables au climat, cette nouvelle g\u00e9n\u00e9ration expos\u00e9e aux catastrophes li\u00e9es au climat d\u00e8s son plus jeune \u00e2ge s'est r\u00e9v\u00e9l\u00e9e avoir une conscience sociale et environnementale de plus en plus forte, avec la motivation de mener notre monde vers un avenir r\u00e9silient au changement climatique.\u00a0<\/span><\/p>\n<p><span style=\"font-weight: 400;\">Bien que les jeunes n'aient pas cr\u00e9\u00e9 la r\u00e9alit\u00e9 climatique actuelle, ils en ont h\u00e9rit\u00e9 et se rappellent qu'ils sont peut-\u00eatre la derni\u00e8re g\u00e9n\u00e9ration \u00e0 avoir une chance de sauver le destin de notre plan\u00e8te. <\/span><span style=\"font-weight: 400;\">Achim Steiner, administrateur du PNUD et pr\u00e9sident du groupe des Nations unies pour le d\u00e9veloppement durable, explique que les jeunes ont un r\u00f4le unique \u00e0 jouer dans le mouvement en faveur de l'action climatique, car \"leur cr\u00e9ativit\u00e9, leur capacit\u00e9 \u00e0 d\u00e9finir et \u00e0 fournir des r\u00e9ponses et leur d\u00e9termination pure et simple pourraient permettre d'\u00e9viter les pires cons\u00e9quences du changement climatique, qui semblent actuellement \u00e9chapper \u00e0 la g\u00e9n\u00e9ration actuelle de dirigeants au sein des gouvernements, des villes, des entreprises et des citoyens adultes\".<\/span><\/p>\n<p><span style=\"font-weight: 400;\">Si les jeunes se mobilisent activement en faveur de l'action climatique, ils \u00e9prouvent \u00e9galement des taux \u00e9lev\u00e9s d'anxi\u00e9t\u00e9. Une \u00e9tude men\u00e9e en mars 2021 par <\/span><a href=\"https:\/\/www.forceofnature.xyz\/\"><span style=\"font-weight: 400;\">La force de la nature<\/span><\/a><span style=\"font-weight: 400;\">L'organisation de jeunes qui se consacre \u00e0 la lutte contre la pauvret\u00e9. <\/span><a href=\"https:\/\/www.ecoanxiety.com\/what-is-eco-anxiety\/\"><span style=\"font-weight: 400;\">l'\u00e9co-anxi\u00e9t\u00e9<\/span><\/a><span style=\"font-weight: 400;\">L'enqu\u00eate sur le changement climatique a r\u00e9v\u00e9l\u00e9 que 70% des participants ont \u00e9prouv\u00e9 un sentiment de d\u00e9sespoir lorsqu'ils ont r\u00e9fl\u00e9chi au changement climatique. Ce chiffre souligne l'impact consid\u00e9rable du mouvement climatique sur la sant\u00e9 mentale des jeunes, mais indique \u00e9galement la responsabilit\u00e9 urgente que les jeunes ressentent de s'impliquer dans l'action climatique. En fait, l'augmentation du nombre de jeunes souffrant d'\u00e9co-anxi\u00e9t\u00e9 s'est accompagn\u00e9e d'une augmentation du nombre de personnes souffrant d'anxi\u00e9t\u00e9. <\/span><a href=\"https:\/\/news.un.org\/en\/story\/2021\/11\/1105042\"><span style=\"font-weight: 400;\">mobilisation massive des jeunes<\/span><\/a><span style=\"font-weight: 400;\"> lors d'\u00e9v\u00e9nements sur le climat tels que la COP26 l'ann\u00e9e derni\u00e8re.\u00a0<\/span><\/p>\n<p><span style=\"font-weight: 400;\"><a href=\"https:\/\/www.yci.org\/wp-content\/uploads\/2022\/08\/297063674_467395621594586_8979225013198691143_n-scaled.jpg\"><img decoding=\"async\" class=\"size-medium wp-image-8894 alignright\" src=\"https:\/\/yci.org\/wp-content\/uploads\/297063674_467395621594586_8979225013198691143_n-225x300-1.jpg\" alt=\"\" width=\"225\" height=\"300\" \/><\/a>Les organisations de jeunes b\u00e9n\u00e9ficient d'une reconnaissance internationale et d'un meilleur acc\u00e8s aux cercles climatiques o\u00f9 elles n'\u00e9taient pas invit\u00e9es auparavant. I<\/span><span style=\"font-weight: 400;\">n 2009, la CCNUCC a reconnu les groupes de jeunes comme un groupe d'int\u00e9r\u00eat officiel. <\/span><a href=\"https:\/\/youngoclimate.org\/\"><span style=\"font-weight: 400;\">YOUNGO<\/span><\/a><span style=\"font-weight: 400;\">. Forte de 200 organisations de jeunesse et de plus de 5500 individus au niveau international, YOUNGO s'appuie sur son r\u00e9seau mondial pour faciliter la participation des jeunes aux n\u00e9gociations de l'ONU sur le climat. L'importance de la pr\u00e9sence des jeunes \u00e0 la table des n\u00e9gociations sur le climat ne doit pas \u00eatre sous-estim\u00e9e, car la Division des objectifs de d\u00e9veloppement durable des Nations unies affirme que la participation des jeunes a \"apport\u00e9 des valeurs morales, interg\u00e9n\u00e9rationnelles et fond\u00e9es sur l'\u00e9quit\u00e9, ainsi que des contributions techniques et politiques constructives aux n\u00e9gociations\". Avec l'apparition d'un plus grand nombre d'organisations de jeunes li\u00e9es au climat, les discussions sur notre avenir peuvent commencer \u00e0 inclure davantage de personnes qui seront l\u00e0 pour t\u00e9moigner des cons\u00e9quences de l'inaction face au changement climatique.<\/span><\/p>\n<p><span style=\"font-weight: 400;\">Si l'espace de l'action climatique peut sembler intimidant, il existe d\u00e9j\u00e0 des ressources \u00e9labor\u00e9es par de jeunes activistes climatiques qui d\u00e9crivent les diff\u00e9rents r\u00f4les dans le mouvement climatique. Consultez <\/span><a href=\"https:\/\/www.youth-climate.com\/copy-of-cop-26-prep-and-survival-kit\"><span style=\"font-weight: 400;\">Action des jeunes pour le climat<\/span><\/a><span style=\"font-weight: 400;\"> pour trouver des moyens de s'impliquer dans votre communaut\u00e9 en dialoguant avec les responsables ou en organisant des \u00e9v\u00e9nements. Suivez les organisations de jeunesse qui ouvrent d\u00e9j\u00e0 la voie \u00e0 une <\/span><a href=\"https:\/\/reearthin.org\/\"><span style=\"font-weight: 400;\">un avenir plus vert,<\/span><\/a><span style=\"font-weight: 400;\"> y compris certaines qui sont en cours d'\u00e9laboration <\/span><a href=\"https:\/\/rebellion.global\/\"><span style=\"font-weight: 400;\">la l\u00e9gislation gouvernementale<\/span><\/a><span style=\"font-weight: 400;\"> ou en utilisant un <\/span><a href=\"https:\/\/www.earthrise.studio\/\"><span style=\"font-weight: 400;\">approche multim\u00e9dia<\/span><\/a><span style=\"font-weight: 400;\"> de tirer la sonnette d'alarme, ou d'autres qui \u00e9largissent le champ d'action de l'Union europ\u00e9enne et de l'Union europ\u00e9enne. <\/span><a href=\"https:\/\/www.intersectionalenvironmentalist.com\/\"><span style=\"font-weight: 400;\">justice climatique<\/span><\/a><span style=\"font-weight: 400;\">. L'espace d'action climatique de la jeunesse est inclusif, diversifi\u00e9 et toujours \u00e0 la recherche d'un coup de main.\u00a0<\/span><\/p>\n<p><span style=\"font-weight: 400;\">Pour agir en faveur du climat avec Youth Challenge International, consultez notre site web. <\/span><a href=\"https:\/\/yci.org\/fr\/herstart\/fellowships\/\"><span style=\"font-weight: 400;\">Bourse HerStart<\/span><\/a><span style=\"font-weight: 400;\"> opportunit\u00e9s, y compris notre <\/span><a href=\"https:\/\/yci.org\/fr\/herstart\/opportunities\/?role%5B%5D=climate-action\"><span style=\"font-weight: 400;\">R\u00f4les des boursiers de l'action pour le climat<\/span><\/a><span style=\"font-weight: 400;\">ainsi que notre <\/span><a href=\"https:\/\/yci.org\/fr\/innovatemyfuture\/innovate-my-future-new\/\"><span style=\"font-weight: 400;\">Innovez mon avenir<\/span><\/a><span style=\"font-weight: 400;\"> pour les jeunes du GTHA \u00e2g\u00e9s de 16 \u00e0 24 ans, afin de cr\u00e9er des projets d'action communautaire sur le climat.<\/span><\/p>\n<p><b>Rejoignez le mouvement mondial d'action pour le climat, apprenez-en plus et AGISSEZ AUJOURD'HUI !<\/b><\/p>\n<p>&nbsp;<\/p>","protected":false},"featured_media":46710,"parent":0,"template":"","focus":[185],"region":[125],"theme":[136,191],"class_list":["post-46707","thefeed","type-thefeed","status-publish","has-post-thumbnail","hentry"],"acf":[],"yoast_head":"<!-- This site is optimized with the Yoast SEO plugin v27.5 - https:\/\/yoast.com\/product\/yoast-seo-wordpress\/ -->\n<title>The Feed | Youth Challenge International<\/title>\n<meta name=\"description\" content=\"Your go-to source for inspiration, resources and opportunities that fuel innovation and propel impact.\" \/>\n<meta name=\"robots\" content=\"index, follow, max-snippet:-1, max-image-preview:large, max-video-preview:-1\" \/>\n<link rel=\"canonical\" href=\"https:\/\/yci.org\/fr\/feed\/le-pouvoir-de-laction-climatique-menee-par-les-jeunes\/\" \/>\n<meta property=\"og:locale\" content=\"fr_FR\" \/>\n<meta property=\"og:type\" content=\"article\" \/>\n<meta property=\"og:title\" content=\"The Feed | Youth Challenge International\" \/>\n<meta property=\"og:description\" content=\"Your go-to source for inspiration, resources and opportunities that fuel innovation and propel impact.\" \/>\n<meta property=\"og:url\" content=\"https:\/\/yci.org\/fr\/feed\/le-pouvoir-de-laction-climatique-menee-par-les-jeunes\/\" \/>\n<meta property=\"og:site_name\" content=\"YCI - Youth Challenge International\" \/>\n<meta property=\"article:modified_time\" content=\"2025-06-04T21:07:29+00:00\" \/>\n<meta property=\"og:image\" content=\"https:\/\/yci.org\/wp-content\/uploads\/Gabby-McGuinty-scaled-1.jpg\" \/>\n\t<meta property=\"og:image:width\" content=\"2560\" \/>\n\t<meta property=\"og:image:height\" content=\"2048\" \/>\n\t<meta property=\"og:image:type\" content=\"image\/jpeg\" \/>\n<meta name=\"twitter:card\" content=\"summary_large_image\" \/>\n<meta name=\"twitter:label1\" content=\"Dur\u00e9e de lecture estim\u00e9e\" \/>\n\t<meta name=\"twitter:data1\" content=\"4 minutes\" \/>\n<script type=\"application\/ld+json\" class=\"yoast-schema-graph\">{\"@context\":\"https:\\\/\\\/schema.org\",\"@graph\":[{\"@type\":\"WebPage\",\"@id\":\"https:\\\/\\\/yci.org\\\/feed\\\/the-power-of-youth-led-climate-action\\\/\",\"url\":\"https:\\\/\\\/yci.org\\\/feed\\\/the-power-of-youth-led-climate-action\\\/\",\"name\":\"The Feed | Youth Challenge International\",\"isPartOf\":{\"@id\":\"https:\\\/\\\/yci.org\\\/#website\"},\"primaryImageOfPage\":{\"@id\":\"https:\\\/\\\/yci.org\\\/feed\\\/the-power-of-youth-led-climate-action\\\/#primaryimage\"},\"image\":{\"@id\":\"https:\\\/\\\/yci.org\\\/feed\\\/the-power-of-youth-led-climate-action\\\/#primaryimage\"},\"thumbnailUrl\":\"https:\\\/\\\/yci.org\\\/wp-content\\\/uploads\\\/Gabby-McGuinty-scaled-1.jpg\",\"datePublished\":\"2022-08-13T01:23:50+00:00\",\"dateModified\":\"2025-06-04T21:07:29+00:00\",\"description\":\"Your go-to source for inspiration, resources and opportunities that fuel innovation and propel impact.\",\"breadcrumb\":{\"@id\":\"https:\\\/\\\/yci.org\\\/feed\\\/the-power-of-youth-led-climate-action\\\/#breadcrumb\"},\"inLanguage\":\"fr-FR\",\"potentialAction\":[{\"@type\":\"ReadAction\",\"target\":[\"https:\\\/\\\/yci.org\\\/feed\\\/the-power-of-youth-led-climate-action\\\/\"]}]},{\"@type\":\"ImageObject\",\"inLanguage\":\"fr-FR\",\"@id\":\"https:\\\/\\\/yci.org\\\/feed\\\/the-power-of-youth-led-climate-action\\\/#primaryimage\",\"url\":\"https:\\\/\\\/yci.org\\\/wp-content\\\/uploads\\\/Gabby-McGuinty-scaled-1.jpg\",\"contentUrl\":\"https:\\\/\\\/yci.org\\\/wp-content\\\/uploads\\\/Gabby-McGuinty-scaled-1.jpg\",\"width\":2560,\"height\":2048,\"caption\":\"A smiling woman in sunglasses leans from a safari vehicle near the Nyerere National Park entrance sign.\"},{\"@type\":\"BreadcrumbList\",\"@id\":\"https:\\\/\\\/yci.org\\\/feed\\\/the-power-of-youth-led-climate-action\\\/#breadcrumb\",\"itemListElement\":[{\"@type\":\"ListItem\",\"position\":1,\"name\":\"Home\",\"item\":\"https:\\\/\\\/yci.org\\\/\"},{\"@type\":\"ListItem\",\"position\":2,\"name\":\"Feed\",\"item\":\"https:\\\/\\\/yci.org\\\/feed\\\/\"},{\"@type\":\"ListItem\",\"position\":3,\"name\":\"The Power of Youth-Led Climate Action\"}]},{\"@type\":\"WebSite\",\"@id\":\"https:\\\/\\\/yci.org\\\/#website\",\"url\":\"https:\\\/\\\/yci.org\\\/\",\"name\":\"YCI - Youth Challenge International\",\"description\":\"We are driven by youth and their potential to affect positive change in the world\",\"potentialAction\":[{\"@type\":\"SearchAction\",\"target\":{\"@type\":\"EntryPoint\",\"urlTemplate\":\"https:\\\/\\\/yci.org\\\/?s={search_term_string}\"},\"query-input\":{\"@type\":\"PropertyValueSpecification\",\"valueRequired\":true,\"valueName\":\"search_term_string\"}}],\"inLanguage\":\"fr-FR\"}]}<\/script>\n<!-- \/ Yoast SEO plugin. -->","yoast_head_json":{"title":"The Feed | Youth Challenge International","description":"Votre source d'inspiration, de ressources et d'opportunit\u00e9s qui alimentent l'innovation et propulsent l'impact.","robots":{"index":"index","follow":"follow","max-snippet":"max-snippet:-1","max-image-preview":"max-image-preview:large","max-video-preview":"max-video-preview:-1"},"canonical":"https:\/\/yci.org\/fr\/feed\/le-pouvoir-de-laction-climatique-menee-par-les-jeunes\/","og_locale":"fr_FR","og_type":"article","og_title":"The Feed | Youth Challenge International","og_description":"Your go-to source for inspiration, resources and opportunities that fuel innovation and propel impact.","og_url":"https:\/\/yci.org\/fr\/feed\/le-pouvoir-de-laction-climatique-menee-par-les-jeunes\/","og_site_name":"YCI - Youth Challenge International","article_modified_time":"2025-06-04T21:07:29+00:00","og_image":[{"width":2560,"height":2048,"url":"https:\/\/yci.org\/wp-content\/uploads\/Gabby-McGuinty-scaled-1.jpg","type":"image\/jpeg"}],"twitter_card":"summary_large_image","twitter_misc":{"Dur\u00e9e de lecture estim\u00e9e":"4 minutes"},"schema":{"@context":"https:\/\/schema.org","@graph":[{"@type":"WebPage","@id":"https:\/\/yci.org\/feed\/the-power-of-youth-led-climate-action\/","url":"https:\/\/yci.org\/feed\/the-power-of-youth-led-climate-action\/","name":"The Feed | Youth Challenge International","isPartOf":{"@id":"https:\/\/yci.org\/#website"},"primaryImageOfPage":{"@id":"https:\/\/yci.org\/feed\/the-power-of-youth-led-climate-action\/#primaryimage"},"image":{"@id":"https:\/\/yci.org\/feed\/the-power-of-youth-led-climate-action\/#primaryimage"},"thumbnailUrl":"https:\/\/yci.org\/wp-content\/uploads\/Gabby-McGuinty-scaled-1.jpg","datePublished":"2022-08-13T01:23:50+00:00","dateModified":"2025-06-04T21:07:29+00:00","description":"Votre source d'inspiration, de ressources et d'opportunit\u00e9s qui alimentent l'innovation et propulsent l'impact.","breadcrumb":{"@id":"https:\/\/yci.org\/feed\/the-power-of-youth-led-climate-action\/#breadcrumb"},"inLanguage":"fr-FR","potentialAction":[{"@type":"ReadAction","target":["https:\/\/yci.org\/feed\/the-power-of-youth-led-climate-action\/"]}]},{"@type":"ImageObject","inLanguage":"fr-FR","@id":"https:\/\/yci.org\/feed\/the-power-of-youth-led-climate-action\/#primaryimage","url":"https:\/\/yci.org\/wp-content\/uploads\/Gabby-McGuinty-scaled-1.jpg","contentUrl":"https:\/\/yci.org\/wp-content\/uploads\/Gabby-McGuinty-scaled-1.jpg","width":2560,"height":2048,"caption":"A smiling woman in sunglasses leans from a safari vehicle near the Nyerere National Park entrance sign."},{"@type":"BreadcrumbList","@id":"https:\/\/yci.org\/feed\/the-power-of-youth-led-climate-action\/#breadcrumb","itemListElement":[{"@type":"ListItem","position":1,"name":"Home","item":"https:\/\/yci.org\/"},{"@type":"ListItem","position":2,"name":"Feed","item":"https:\/\/yci.org\/feed\/"},{"@type":"ListItem","position":3,"name":"The Power of Youth-Led Climate Action"}]},{"@type":"WebSite","@id":"https:\/\/yci.org\/#website","url":"https:\/\/yci.org\/","name":"YCI - Youth Challenge International","description":"Nous sommes motiv\u00e9s par les jeunes et leur potentiel \u00e0 apporter des changements positifs dans le monde.","potentialAction":[{"@type":"SearchAction","target":{"@type":"EntryPoint","urlTemplate":"https:\/\/yci.org\/?s={search_term_string}"},"query-input":{"@type":"PropertyValueSpecification","valueRequired":true,"valueName":"search_term_string"}}],"inLanguage":"fr-FR"}]}},"_links":{"self":[{"href":"https:\/\/yci.org\/fr\/wp-json\/wp\/v2\/thefeed\/46707","targetHints":{"allow":["GET"]}}],"collection":[{"href":"https:\/\/yci.org\/fr\/wp-json\/wp\/v2\/thefeed"}],"about":[{"href":"https:\/\/yci.org\/fr\/wp-json\/wp\/v2\/types\/thefeed"}],"wp:featuredmedia":[{"embeddable":true,"href":"https:\/\/yci.org\/fr\/wp-json\/wp\/v2\/media\/46710"}],"wp:attachment":[{"href":"https:\/\/yci.org\/fr\/wp-json\/wp\/v2\/media?parent=46707"}],"wp:term":[{"taxonomy":"focus","embeddable":true,"href":"https:\/\/yci.org\/fr\/wp-json\/wp\/v2\/focus?post=46707"},{"taxonomy":"type","embeddable":true,"href":"https:\/\/yci.org\/fr\/wp-json\/wp\/v2\/type?post=46707"},{"taxonomy":"region","embeddable":true,"href":"https:\/\/yci.org\/fr\/wp-json\/wp\/v2\/region?post=46707"},{"taxonomy":"theme","embeddable":true,"href":"https:\/\/yci.org\/fr\/wp-json\/wp\/v2\/theme?post=46707"}],"curies":[{"name":"wp","href":"https:\/\/api.w.org\/{rel}","templated":true}]}}