{"id":46592,"date":"2020-02-10T16:25:49","date_gmt":"2020-02-10T21:25:49","guid":{"rendered":"https:\/\/yci2025.wpenginepowered.com\/feed\/innovate-lisas-internship-experience-zanzibar-2-2-2-4-2\/"},"modified":"2025-06-04T15:48:15","modified_gmt":"2025-06-04T20:48:15","slug":"les-couts-caches-dun-mode-de-vie-durable","status":"publish","type":[158],"link":"https:\/\/yci.org\/fr\/feed\/hidden-costs-of-sustainable-living\/","title":{"rendered":"Faire face aux co\u00fbts cach\u00e9s d'un mode de vie durable"},"content":{"rendered":"<h3>Article de blog invit\u00e9 avec le volontaire YCI Innovate MY Future, Elanakayon Annalingam<\/h3>\n<p><em>\u00a0<\/em><\/p>\n<p>Elanakayon Annalingam est membre de l'\u00e9quipe Sustainable Scarberians, une \u00e9quipe Innovate MY Future Climate Catalyst. Dans ce blog, il nous fait part de ses r\u00e9flexions sur la complexit\u00e9 des modes de vie durables.<\/p>\n<p><em>En tant qu'habitants de Scarborough, nous savons que les membres de la communaut\u00e9 ont d\u00e9j\u00e0 du mal \u00e0 joindre les deux bouts et que l'id\u00e9e d'un mode de vie durable est financi\u00e8rement hors de port\u00e9e. Notre objectif \u00e9tait de rechercher des m\u00e9thodes et des outils permettant de rendre le mode de vie abordable. Cependant, nous avons pens\u00e9 qu'il serait utile d'offrir un peu d'\u00e9ducation climatique \u00e0 la communaut\u00e9.<\/em><\/p>\n<p><em>Nous avons organis\u00e9 un \u00e9v\u00e9nement dans la salle des comit\u00e9s du centre civique de Scarborough, offrant un espace \u00e0 nos partenaires - des organisations municipales et locales, ainsi que des universitaires locaux - pour offrir une exp\u00e9rience \u00e9ducative. Nous avons \u00e9galement cr\u00e9\u00e9 une activit\u00e9 comp\u00e9titive pour que les participants puissent mettre en pratique ce qu'ils ont appris. Nous avons organis\u00e9 un autre \u00e9v\u00e9nement sur le campus de Scarborough de l'universit\u00e9 de Toronto et tenu une table ronde sur la question de l'accessibilit\u00e9 financi\u00e8re et les moyens de la r\u00e9soudre. Des groupes locaux et des groupes d'\u00e9tudiants se sont \u00e9galement joints \u00e0 nous pour fournir des informations sur leurs organisations.<\/em><\/p>\n<div id=\"attachment_6097\" style=\"width: 397px\" class=\"wp-caption alignleft\"><a href=\"https:\/\/www.yci.org\/wp-content\/uploads\/2020\/02\/image001.jpg\"><img decoding=\"async\" aria-describedby=\"caption-attachment-6097\" class=\"wp-image-6097\" src=\"https:\/\/yci.org\/wp-content\/uploads\/image001-300x225-1.jpg\" alt=\"\" width=\"387\" height=\"290\" \/><\/a><p id=\"caption-attachment-6097\" class=\"wp-caption-text\">\u00c9v\u00e9nement \"Sustainable Scarberians\" \u00e0 l'adresse suivante <em>Salle de comit\u00e9 du centre civique de Scarborough<\/em><\/p><\/div>\n<p><em>Nous esp\u00e9rons que les participants qui ont la capacit\u00e9 d'agir pour le climat rejoindront diverses organisations communautaires pour le faire. Les personnes qui essaient simplement de s'en sortir n'auront peut-\u00eatre pas le temps d'agir pour le climat. Ce que je retiens surtout, c'est que nous devons proposer des formes d'action climatique plus accessibles afin que les personnes qui manquent de ressources disposent des outils n\u00e9cessaires pour changer les choses, \u00e0 leur mani\u00e8re.<\/em><\/p>\n<p><em>\u00c0 l'issue de ce projet, j'ai eu l'impression de mieux comprendre o\u00f9 en est ma communaut\u00e9 en termes de compr\u00e9hension du changement climatique et de reconnaissance des probl\u00e8mes qui existent au sein de leur communaut\u00e9 locale et dans le monde en g\u00e9n\u00e9ral. J'esp\u00e8re que nous avons motiv\u00e9 davantage de personnes \u00e0 participer \u00e0 l'action climatique et que nous pourrons collaborer \u00e0 l'avenir.<\/em><\/p>\n<p>&nbsp;<\/p>\n<p>&nbsp;<\/p>\n<p>&nbsp;<\/p>\n<p><strong>\u00c0 propos des Scarb\u00e9riens durables<a href=\"https:\/\/www.yci.org\/wp-content\/uploads\/2020\/02\/team-photo-1.jpg\"><img decoding=\"async\" class=\"wp-image-6102 alignright\" src=\"https:\/\/yci.org\/wp-content\/uploads\/team-photo-1-300x148-1.jpg\" alt=\"\" width=\"411\" height=\"202\" \/><\/a><\/strong><\/p>\n<p><a href=\"https:\/\/yci.org\/fr\/InnovateMYFuture\/catalyst\/sustainable-scarberians\/\">Les Scarb\u00e9riens durables<\/a> sensibilisent les habitants de Scarborough aux questions climatiques et veillent \u00e0 ce que toutes les familles soient incluses dans les conversations importantes, au niveau de la communaut\u00e9, sur les villes durables et vivables. Leur objectif est de faire en sorte qu'aucune famille n'ait \u00e0 choisir entre la durabilit\u00e9 et la survie. Par le biais d'\u00e9v\u00e9nements communautaires, l'\u00e9quipe offre des ressources informatives et \u00e9ducatives pour aider les membres de la communaut\u00e9 \u00e0 choisir des comportements qui les aident \u00e0 vivre un mode de vie plus durable. Suivez-les sur <a href=\"https:\/\/www.instagram.com\/sustainable.scarberians\/\">Instagram<\/a>.<\/p>\n<p>&nbsp;<\/p>\n<p><strong>\u00c0 propos du programme Innovate MY Future d'YCI <\/strong><\/p>\n<p>Le projet Innovate My Future de YCI permet aux jeunes de la r\u00e9gion du Grand Toronto et de Hamilton (GTHA) de prendre des mesures et de s'attaquer aux probl\u00e8mes climatiques locaux dans leurs communaut\u00e9s.<\/p>\n<p>D\u00e9couvrez comment les Climate Action Catalysts d'YCI s'attaquent au changement climatique dans leurs communaut\u00e9s et prenez d\u00e8s aujourd'hui un engagement en faveur de l'action climatique \u00e0 l'adresse suivante <a href=\"http:\/\/www.youthclimateaction.ca\">www.youthclimateaction.ca<\/a>.<\/p>\n<p>Tous les programmes de l'YCI sont con\u00e7us dans une optique de d\u00e9veloppement durable. En savoir plus sur <a href=\"https:\/\/yci.org\/fr\/solutions\/\">nos solutions globales<\/a>.<\/p>\n<p>&nbsp;<\/p>\n<p style=\"text-align: left;\">Le programme Innovate MY Future d'YCI est financ\u00e9 par le gouvernement du Canada dans le cadre du programme du Corps de service du Canada.<\/p>\n<p>&nbsp;<\/p>\n<p><a href=\"https:\/\/www.yci.org\/wp-content\/uploads\/2019\/04\/Wordmark_Canada-EN4.png\"><img decoding=\"async\" class=\"alignnone wp-image-4793\" src=\"https:\/\/yci.org\/wp-content\/uploads\/Wordmark_Canada-EN4-300x52-1.png\" alt=\"\" width=\"375\" height=\"65\" \/><\/a><a href=\"https:\/\/www.yci.org\/wp-content\/uploads\/2020\/02\/ysi-logo2.png\">\u00a0 \u00a0 \u00a0 \u00a0 \u00a0<img decoding=\"async\" class=\"wp-image-6103 alignnone\" src=\"https:\/\/yci.org\/wp-content\/uploads\/ysi-logo2-300x204-1.png\" alt=\"\" width=\"159\" height=\"107\" \/><\/a><\/p>","protected":false},"featured_media":46819,"parent":0,"template":"","focus":[178],"region":[123],"theme":[136,191],"class_list":["post-46592","thefeed","type-thefeed","status-publish","has-post-thumbnail","hentry"],"acf":[],"yoast_head":"<!-- This site is optimized with the Yoast SEO plugin v27.5 - https:\/\/yoast.com\/product\/yoast-seo-wordpress\/ -->\n<title>The Feed | Youth Challenge International<\/title>\n<meta name=\"description\" content=\"Your go-to source for inspiration, resources and opportunities that fuel innovation and propel impact.\" \/>\n<meta name=\"robots\" content=\"index, follow, max-snippet:-1, max-image-preview:large, max-video-preview:-1\" \/>\n<link rel=\"canonical\" href=\"https:\/\/yci.org\/fr\/feed\/les-couts-caches-dun-mode-de-vie-durable\/\" \/>\n<meta property=\"og:locale\" content=\"fr_FR\" \/>\n<meta property=\"og:type\" content=\"article\" \/>\n<meta property=\"og:title\" content=\"The Feed | Youth Challenge International\" \/>\n<meta property=\"og:description\" content=\"Your go-to source for inspiration, resources and opportunities that fuel innovation and propel impact.\" \/>\n<meta property=\"og:url\" content=\"https:\/\/yci.org\/fr\/feed\/les-couts-caches-dun-mode-de-vie-durable\/\" \/>\n<meta property=\"og:site_name\" content=\"YCI - Youth Challenge International\" \/>\n<meta property=\"article:modified_time\" content=\"2025-06-04T20:48:15+00:00\" \/>\n<meta property=\"og:image\" content=\"https:\/\/yci.org\/wp-content\/uploads\/yci-feature-image-scaled.jpg\" \/>\n\t<meta property=\"og:image:width\" content=\"2560\" \/>\n\t<meta property=\"og:image:height\" content=\"1670\" \/>\n\t<meta property=\"og:image:type\" content=\"image\/jpeg\" \/>\n<meta name=\"twitter:card\" content=\"summary_large_image\" \/>\n<meta name=\"twitter:label1\" content=\"Dur\u00e9e de lecture estim\u00e9e\" \/>\n\t<meta name=\"twitter:data1\" content=\"4 minutes\" \/>\n<script type=\"application\/ld+json\" class=\"yoast-schema-graph\">{\"@context\":\"https:\\\/\\\/schema.org\",\"@graph\":[{\"@type\":\"WebPage\",\"@id\":\"https:\\\/\\\/yci.org\\\/feed\\\/hidden-costs-of-sustainable-living\\\/\",\"url\":\"https:\\\/\\\/yci.org\\\/feed\\\/hidden-costs-of-sustainable-living\\\/\",\"name\":\"The Feed | Youth Challenge International\",\"isPartOf\":{\"@id\":\"https:\\\/\\\/yci.org\\\/#website\"},\"primaryImageOfPage\":{\"@id\":\"https:\\\/\\\/yci.org\\\/feed\\\/hidden-costs-of-sustainable-living\\\/#primaryimage\"},\"image\":{\"@id\":\"https:\\\/\\\/yci.org\\\/feed\\\/hidden-costs-of-sustainable-living\\\/#primaryimage\"},\"thumbnailUrl\":\"https:\\\/\\\/yci.org\\\/wp-content\\\/uploads\\\/yci-feature-image-scaled.jpg\",\"datePublished\":\"2020-02-10T21:25:49+00:00\",\"dateModified\":\"2025-06-04T20:48:15+00:00\",\"description\":\"Your go-to source for inspiration, resources and opportunities that fuel innovation and propel impact.\",\"breadcrumb\":{\"@id\":\"https:\\\/\\\/yci.org\\\/feed\\\/hidden-costs-of-sustainable-living\\\/#breadcrumb\"},\"inLanguage\":\"fr-FR\",\"potentialAction\":[{\"@type\":\"ReadAction\",\"target\":[\"https:\\\/\\\/yci.org\\\/feed\\\/hidden-costs-of-sustainable-living\\\/\"]}]},{\"@type\":\"ImageObject\",\"inLanguage\":\"fr-FR\",\"@id\":\"https:\\\/\\\/yci.org\\\/feed\\\/hidden-costs-of-sustainable-living\\\/#primaryimage\",\"url\":\"https:\\\/\\\/yci.org\\\/wp-content\\\/uploads\\\/yci-feature-image-scaled.jpg\",\"contentUrl\":\"https:\\\/\\\/yci.org\\\/wp-content\\\/uploads\\\/yci-feature-image-scaled.jpg\",\"width\":2560,\"height\":1670,\"caption\":\"Abstract logo with a black star, four dots, and partial blue and green circles on a light blue grid background.\"},{\"@type\":\"BreadcrumbList\",\"@id\":\"https:\\\/\\\/yci.org\\\/feed\\\/hidden-costs-of-sustainable-living\\\/#breadcrumb\",\"itemListElement\":[{\"@type\":\"ListItem\",\"position\":1,\"name\":\"Home\",\"item\":\"https:\\\/\\\/yci.org\\\/\"},{\"@type\":\"ListItem\",\"position\":2,\"name\":\"Feed\",\"item\":\"https:\\\/\\\/yci.org\\\/feed\\\/\"},{\"@type\":\"ListItem\",\"position\":3,\"name\":\"Confronting the hidden costs of sustainable living\"}]},{\"@type\":\"WebSite\",\"@id\":\"https:\\\/\\\/yci.org\\\/#website\",\"url\":\"https:\\\/\\\/yci.org\\\/\",\"name\":\"YCI - Youth Challenge International\",\"description\":\"We are driven by youth and their potential to affect positive change in the world\",\"potentialAction\":[{\"@type\":\"SearchAction\",\"target\":{\"@type\":\"EntryPoint\",\"urlTemplate\":\"https:\\\/\\\/yci.org\\\/?s={search_term_string}\"},\"query-input\":{\"@type\":\"PropertyValueSpecification\",\"valueRequired\":true,\"valueName\":\"search_term_string\"}}],\"inLanguage\":\"fr-FR\"}]}<\/script>\n<!-- \/ Yoast SEO plugin. -->","yoast_head_json":{"title":"The Feed | Youth Challenge International","description":"Votre source d'inspiration, de ressources et d'opportunit\u00e9s qui alimentent l'innovation et propulsent l'impact.","robots":{"index":"index","follow":"follow","max-snippet":"max-snippet:-1","max-image-preview":"max-image-preview:large","max-video-preview":"max-video-preview:-1"},"canonical":"https:\/\/yci.org\/fr\/feed\/les-couts-caches-dun-mode-de-vie-durable\/","og_locale":"fr_FR","og_type":"article","og_title":"The Feed | Youth Challenge International","og_description":"Your go-to source for inspiration, resources and opportunities that fuel innovation and propel impact.","og_url":"https:\/\/yci.org\/fr\/feed\/les-couts-caches-dun-mode-de-vie-durable\/","og_site_name":"YCI - Youth Challenge International","article_modified_time":"2025-06-04T20:48:15+00:00","og_image":[{"width":2560,"height":1670,"url":"https:\/\/yci.org\/wp-content\/uploads\/yci-feature-image-scaled.jpg","type":"image\/jpeg"}],"twitter_card":"summary_large_image","twitter_misc":{"Dur\u00e9e de lecture estim\u00e9e":"4 minutes"},"schema":{"@context":"https:\/\/schema.org","@graph":[{"@type":"WebPage","@id":"https:\/\/yci.org\/feed\/hidden-costs-of-sustainable-living\/","url":"https:\/\/yci.org\/feed\/hidden-costs-of-sustainable-living\/","name":"The Feed | Youth Challenge International","isPartOf":{"@id":"https:\/\/yci.org\/#website"},"primaryImageOfPage":{"@id":"https:\/\/yci.org\/feed\/hidden-costs-of-sustainable-living\/#primaryimage"},"image":{"@id":"https:\/\/yci.org\/feed\/hidden-costs-of-sustainable-living\/#primaryimage"},"thumbnailUrl":"https:\/\/yci.org\/wp-content\/uploads\/yci-feature-image-scaled.jpg","datePublished":"2020-02-10T21:25:49+00:00","dateModified":"2025-06-04T20:48:15+00:00","description":"Votre source d'inspiration, de ressources et d'opportunit\u00e9s qui alimentent l'innovation et propulsent l'impact.","breadcrumb":{"@id":"https:\/\/yci.org\/feed\/hidden-costs-of-sustainable-living\/#breadcrumb"},"inLanguage":"fr-FR","potentialAction":[{"@type":"ReadAction","target":["https:\/\/yci.org\/feed\/hidden-costs-of-sustainable-living\/"]}]},{"@type":"ImageObject","inLanguage":"fr-FR","@id":"https:\/\/yci.org\/feed\/hidden-costs-of-sustainable-living\/#primaryimage","url":"https:\/\/yci.org\/wp-content\/uploads\/yci-feature-image-scaled.jpg","contentUrl":"https:\/\/yci.org\/wp-content\/uploads\/yci-feature-image-scaled.jpg","width":2560,"height":1670,"caption":"Abstract logo with a black star, four dots, and partial blue and green circles on a light blue grid background."},{"@type":"BreadcrumbList","@id":"https:\/\/yci.org\/feed\/hidden-costs-of-sustainable-living\/#breadcrumb","itemListElement":[{"@type":"ListItem","position":1,"name":"Home","item":"https:\/\/yci.org\/"},{"@type":"ListItem","position":2,"name":"Feed","item":"https:\/\/yci.org\/feed\/"},{"@type":"ListItem","position":3,"name":"Confronting the hidden costs of sustainable living"}]},{"@type":"WebSite","@id":"https:\/\/yci.org\/#website","url":"https:\/\/yci.org\/","name":"YCI - Youth Challenge International","description":"Nous sommes motiv\u00e9s par les jeunes et leur potentiel \u00e0 apporter des changements positifs dans le monde.","potentialAction":[{"@type":"SearchAction","target":{"@type":"EntryPoint","urlTemplate":"https:\/\/yci.org\/?s={search_term_string}"},"query-input":{"@type":"PropertyValueSpecification","valueRequired":true,"valueName":"search_term_string"}}],"inLanguage":"fr-FR"}]}},"_links":{"self":[{"href":"https:\/\/yci.org\/fr\/wp-json\/wp\/v2\/thefeed\/46592","targetHints":{"allow":["GET"]}}],"collection":[{"href":"https:\/\/yci.org\/fr\/wp-json\/wp\/v2\/thefeed"}],"about":[{"href":"https:\/\/yci.org\/fr\/wp-json\/wp\/v2\/types\/thefeed"}],"wp:featuredmedia":[{"embeddable":true,"href":"https:\/\/yci.org\/fr\/wp-json\/wp\/v2\/media\/46819"}],"wp:attachment":[{"href":"https:\/\/yci.org\/fr\/wp-json\/wp\/v2\/media?parent=46592"}],"wp:term":[{"taxonomy":"focus","embeddable":true,"href":"https:\/\/yci.org\/fr\/wp-json\/wp\/v2\/focus?post=46592"},{"taxonomy":"type","embeddable":true,"href":"https:\/\/yci.org\/fr\/wp-json\/wp\/v2\/type?post=46592"},{"taxonomy":"region","embeddable":true,"href":"https:\/\/yci.org\/fr\/wp-json\/wp\/v2\/region?post=46592"},{"taxonomy":"theme","embeddable":true,"href":"https:\/\/yci.org\/fr\/wp-json\/wp\/v2\/theme?post=46592"}],"curies":[{"name":"wp","href":"https:\/\/api.w.org\/{rel}","templated":true}]}}